{"id":4063,"date":"2017-08-21T21:04:52","date_gmt":"2017-08-22T02:04:52","guid":{"rendered":"http:\/\/zefirodelcielo.com\/?p=4063"},"modified":"2017-08-21T21:04:52","modified_gmt":"2017-08-22T02:04:52","slug":"sabado-26-de-agosto-presentacion-y-charla-de-mi-libro-la-magia-de-tu-nombre","status":"publish","type":"post","link":"https:\/\/resurgeconsultora.com\/notas\/sabado-26-de-agosto-presentacion-y-charla-de-mi-libro-la-magia-de-tu-nombre\/","title":{"rendered":"S\u00e1bado 26 de agosto: Presentaci\u00f3n y charla de mi libro \u00abLa magia de tu nombre\u00bb"},"content":{"rendered":"<p>\t\t\t\t<a href=\"http:\/\/zefirodelcielo.com\/wp-content\/uploads\/2017\/08\/1111.jpg\"><img fetchpriority=\"high\" decoding=\"async\" class=\"wp-image-4064 aligncenter\" src=\"http:\/\/zefirodelcielo.com\/wp-content\/uploads\/2017\/08\/1111.jpg\" alt=\"\" width=\"706\" height=\"470\" \/><\/a><\/p>\n<p>Este S\u00e1bado 26 de agosto los espero a la presentaci\u00f3n y charla <em>(ingreso libre)<\/em> de mi libro \u00abLa magia de tu nombre\u00bb en la libreria Sur (Pardo y Aliaga 683, San Isidro). El libro ya est\u00e1 a la venta en Crisol, Ibero, SBS, libreria entre p\u00e1ginas del cono norte y sur, virrey, comunitas. Y en provincia va a Crisol y SBS. Lleguen temprano, firmar\u00e9 los libros y podr\u00e1n hallar tambi\u00e9n mis otras publicaciones. \u00a1Los espero\u00a1\t\t<\/p>\n","protected":false},"excerpt":{"rendered":"<p>Este S\u00e1bado 26 de agosto los espero a la presentaci\u00f3n y charla (ingreso libre) de mi libro \u00abLa magia de tu nombre\u00bb en la libreria Sur (Pardo y Aliaga 683, San Isidro). El libro ya est\u00e1 a la venta en Crisol, Ibero, SBS, libreria entre p\u00e1ginas del cono norte y sur, virrey, comunitas. Y en [&hellip;]<\/p>\n","protected":false},"author":1,"featured_media":4064,"comment_status":"open","ping_status":"open","sticky":false,"template":"","format":"standard","meta":{"_joinchat":[],"footnotes":""},"categories":[89],"tags":[246],"class_list":["post-4063","post","type-post","status-publish","format-standard","has-post-thumbnail","hentry","category-libro","tag-la-magia-de-tu-nombre"],"_links":{"self":[{"href":"https:\/\/resurgeconsultora.com\/notas\/wp-json\/wp\/v2\/posts\/4063","targetHints":{"allow":["GET"]}}],"collection":[{"href":"https:\/\/resurgeconsultora.com\/notas\/wp-json\/wp\/v2\/posts"}],"about":[{"href":"https:\/\/resurgeconsultora.com\/notas\/wp-json\/wp\/v2\/types\/post"}],"author":[{"embeddable":true,"href":"https:\/\/resurgeconsultora.com\/notas\/wp-json\/wp\/v2\/users\/1"}],"replies":[{"embeddable":true,"href":"https:\/\/resurgeconsultora.com\/notas\/wp-json\/wp\/v2\/comments?post=4063"}],"version-history":[{"count":0,"href":"https:\/\/resurgeconsultora.com\/notas\/wp-json\/wp\/v2\/posts\/4063\/revisions"}],"wp:featuredmedia":[{"embeddable":true,"href":"https:\/\/resurgeconsultora.com\/notas\/wp-json\/"}],"wp:attachment":[{"href":"https:\/\/resurgeconsultora.com\/notas\/wp-json\/wp\/v2\/media?parent=4063"}],"wp:term":[{"taxonomy":"category","embeddable":true,"href":"https:\/\/resurgeconsultora.com\/notas\/wp-json\/wp\/v2\/categories?post=4063"},{"taxonomy":"post_tag","embeddable":true,"href":"https:\/\/resurgeconsultora.com\/notas\/wp-json\/wp\/v2\/tags?post=4063"}],"curies":[{"name":"wp","href":"https:\/\/api.w.org\/{rel}","templated":true}]}}