{"id":4059,"date":"2017-08-13T15:23:16","date_gmt":"2017-08-13T20:23:16","guid":{"rendered":"http:\/\/zefirodelcielo.com\/?p=4059"},"modified":"2017-08-13T15:23:16","modified_gmt":"2017-08-13T20:23:16","slug":"presentacion-y-charla-de-mi-libro-la-magia-de-tu-nombre-sabado-26-de-agosto","status":"publish","type":"post","link":"https:\/\/resurgeconsultora.com\/notas\/presentacion-y-charla-de-mi-libro-la-magia-de-tu-nombre-sabado-26-de-agosto\/","title":{"rendered":"PRESENTACI\u00d3N Y CHARLA DE MI LIBRO \u00abLA MAGIA DE TU NOMBRE\u00bb (S\u00c1BADO 26 DE AGOSTO)"},"content":{"rendered":"<p>\t\t\t\tINVITACI\u00d3N: PRESENTACI\u00d3N Y CHARLA DE MI LIBRO \u00abLA MAGIA DE TU NOMBRE\u00bb. S\u00c1BADO 26 DE AGOSTO A LAS 7PM, LIBRERIA SUR (PARDO Y ALIAGA, CUADRA 6, SAN ISIDRO). Firmar\u00e9 los libros y hallar\u00e1n mis otras publicaciones. Corre la voz, ve puntual, INGRESO GRATUITO. \u00a1LOS ESPERO!<\/p>\n<p><center><br \/>\n<div style=\"width: 640px;\" class=\"wp-video\"><video class=\"wp-video-shortcode\" id=\"video-4059-1\" width=\"640\" height=\"360\" preload=\"metadata\" controls=\"controls\"><source type=\"video\/mp4\" src=\"http:\/\/zefirodelcielo.com\/VideosWebs\/VideoInSab29.mp4?_=1\" \/><a href=\"http:\/\/zefirodelcielo.com\/VideosWebs\/VideoInSab29.mp4\">http:\/\/zefirodelcielo.com\/VideosWebs\/VideoInSab29.mp4<\/a><\/video><\/div><br \/>\n<\/center>\t\t<\/p>\n","protected":false},"excerpt":{"rendered":"<p>INVITACI\u00d3N: PRESENTACI\u00d3N Y CHARLA DE MI LIBRO \u00abLA MAGIA DE TU NOMBRE\u00bb. S\u00c1BADO 26 DE AGOSTO A LAS 7PM, LIBRERIA SUR (PARDO Y ALIAGA, CUADRA 6, SAN ISIDRO). Firmar\u00e9 los libros y hallar\u00e1n mis otras publicaciones. Corre la voz, ve puntual, INGRESO GRATUITO. \u00a1LOS ESPERO!<\/p>\n","protected":false},"author":1,"featured_media":4060,"comment_status":"open","ping_status":"open","sticky":false,"template":"","format":"standard","meta":{"_joinchat":[],"footnotes":""},"categories":[89],"tags":[246],"class_list":["post-4059","post","type-post","status-publish","format-standard","has-post-thumbnail","hentry","category-libro","tag-la-magia-de-tu-nombre"],"_links":{"self":[{"href":"https:\/\/resurgeconsultora.com\/notas\/wp-json\/wp\/v2\/posts\/4059","targetHints":{"allow":["GET"]}}],"collection":[{"href":"https:\/\/resurgeconsultora.com\/notas\/wp-json\/wp\/v2\/posts"}],"about":[{"href":"https:\/\/resurgeconsultora.com\/notas\/wp-json\/wp\/v2\/types\/post"}],"author":[{"embeddable":true,"href":"https:\/\/resurgeconsultora.com\/notas\/wp-json\/wp\/v2\/users\/1"}],"replies":[{"embeddable":true,"href":"https:\/\/resurgeconsultora.com\/notas\/wp-json\/wp\/v2\/comments?post=4059"}],"version-history":[{"count":0,"href":"https:\/\/resurgeconsultora.com\/notas\/wp-json\/wp\/v2\/posts\/4059\/revisions"}],"wp:featuredmedia":[{"embeddable":true,"href":"https:\/\/resurgeconsultora.com\/notas\/wp-json\/"}],"wp:attachment":[{"href":"https:\/\/resurgeconsultora.com\/notas\/wp-json\/wp\/v2\/media?parent=4059"}],"wp:term":[{"taxonomy":"category","embeddable":true,"href":"https:\/\/resurgeconsultora.com\/notas\/wp-json\/wp\/v2\/categories?post=4059"},{"taxonomy":"post_tag","embeddable":true,"href":"https:\/\/resurgeconsultora.com\/notas\/wp-json\/wp\/v2\/tags?post=4059"}],"curies":[{"name":"wp","href":"https:\/\/api.w.org\/{rel}","templated":true}]}}