{"id":3968,"date":"2017-08-01T22:30:40","date_gmt":"2017-08-02T03:30:40","guid":{"rendered":"http:\/\/zefirodelcielo.com\/?p=3968"},"modified":"2017-08-01T22:30:40","modified_gmt":"2017-08-02T03:30:40","slug":"presentacion-de-mi-libro-de-numerologia-terapeutica-la-magia-de-tu-nombre-en-la-feria-del-libro","status":"publish","type":"post","link":"https:\/\/resurgeconsultora.com\/notas\/presentacion-de-mi-libro-de-numerologia-terapeutica-la-magia-de-tu-nombre-en-la-feria-del-libro\/","title":{"rendered":"Presentaci\u00f3n de mi libro de numerolog\u00eda terapeutica \u00abLa magia de tu nombre\u00bb &#8211; en la Feria del libro"},"content":{"rendered":"<p>\t\t\t\tINVITACI\u00d3N: Presentaci\u00f3n de mi libro de numerolog\u00eda terapeutica \u00abLa magia de tu nombre\u00bb. Este domingo 6 de agosto a las 6pm en la Feria del libro (Parque Pr\u00f3ceres, Jes\u00fas Mar\u00eda). El presentador ser\u00e1 Carlitos Gald\u00f3s.<\/p>\n<p>YA A LA VENTA en el Stand de Planeta a 45 soles.<\/p>\n<p>\u00a1Los espero\u00a1<\/p>\n<p><center><br \/>\n<div style=\"width: 640px;\" class=\"wp-video\"><video class=\"wp-video-shortcode\" id=\"video-3968-1\" width=\"640\" height=\"360\" preload=\"metadata\" controls=\"controls\"><source type=\"video\/mp4\" src=\"http:\/\/zefirodelcielo.com\/VideosWebs\/video1feria2017Nombre.mp4?_=1\" \/><a href=\"http:\/\/zefirodelcielo.com\/VideosWebs\/video1feria2017Nombre.mp4\">http:\/\/zefirodelcielo.com\/VideosWebs\/video1feria2017Nombre.mp4<\/a><\/video><\/div><\/p>\n<p><\/center>\t\t<\/p>\n","protected":false},"excerpt":{"rendered":"<p>INVITACI\u00d3N: Presentaci\u00f3n de mi libro de numerolog\u00eda terapeutica \u00abLa magia de tu nombre\u00bb. Este domingo 6 de agosto a las 6pm en la Feria del libro (Parque Pr\u00f3ceres, Jes\u00fas Mar\u00eda). El presentador ser\u00e1 Carlitos Gald\u00f3s. YA A LA VENTA en el Stand de Planeta a 45 soles. \u00a1Los espero\u00a1<\/p>\n","protected":false},"author":1,"featured_media":3954,"comment_status":"open","ping_status":"open","sticky":false,"template":"","format":"standard","meta":{"_joinchat":[],"footnotes":""},"categories":[89],"tags":[246],"class_list":["post-3968","post","type-post","status-publish","format-standard","has-post-thumbnail","hentry","category-libro","tag-la-magia-de-tu-nombre"],"_links":{"self":[{"href":"https:\/\/resurgeconsultora.com\/notas\/wp-json\/wp\/v2\/posts\/3968","targetHints":{"allow":["GET"]}}],"collection":[{"href":"https:\/\/resurgeconsultora.com\/notas\/wp-json\/wp\/v2\/posts"}],"about":[{"href":"https:\/\/resurgeconsultora.com\/notas\/wp-json\/wp\/v2\/types\/post"}],"author":[{"embeddable":true,"href":"https:\/\/resurgeconsultora.com\/notas\/wp-json\/wp\/v2\/users\/1"}],"replies":[{"embeddable":true,"href":"https:\/\/resurgeconsultora.com\/notas\/wp-json\/wp\/v2\/comments?post=3968"}],"version-history":[{"count":0,"href":"https:\/\/resurgeconsultora.com\/notas\/wp-json\/wp\/v2\/posts\/3968\/revisions"}],"wp:featuredmedia":[{"embeddable":true,"href":"https:\/\/resurgeconsultora.com\/notas\/wp-json\/"}],"wp:attachment":[{"href":"https:\/\/resurgeconsultora.com\/notas\/wp-json\/wp\/v2\/media?parent=3968"}],"wp:term":[{"taxonomy":"category","embeddable":true,"href":"https:\/\/resurgeconsultora.com\/notas\/wp-json\/wp\/v2\/categories?post=3968"},{"taxonomy":"post_tag","embeddable":true,"href":"https:\/\/resurgeconsultora.com\/notas\/wp-json\/wp\/v2\/tags?post=3968"}],"curies":[{"name":"wp","href":"https:\/\/api.w.org\/{rel}","templated":true}]}}