{"id":3965,"date":"2017-07-26T21:16:01","date_gmt":"2017-07-27T02:16:01","guid":{"rendered":"http:\/\/zefirodelcielo.com\/?p=3965"},"modified":"2017-07-26T21:16:01","modified_gmt":"2017-07-27T02:16:01","slug":"la-magia-de-tu-nombre-en-la-feria-del-libro","status":"publish","type":"post","link":"https:\/\/resurgeconsultora.com\/notas\/la-magia-de-tu-nombre-en-la-feria-del-libro\/","title":{"rendered":"\u00abLA MAGIA DE TU NOMBRE\u00bb en la feria del libro"},"content":{"rendered":"<p>\t\t\t\t<img fetchpriority=\"high\" decoding=\"async\" class=\" wp-image-3954 aligncenter\" src=\"http:\/\/zefirodelcielo.com\/wp-content\/uploads\/2017\/07\/001-1.jpg\" alt=\"\" width=\"344\" height=\"552\" \/><\/p>\n<p>Queridos amigos, desde el 1ero de agosto por la tarde podr\u00e1n encontrar mi nuevo libro (esta vez de numerolog\u00eda terape\u00fatica) llamado &#8216;La magia de tu nombre\u00bb en la feria del libro (Stand de Editorial Planeta) y la presentaci\u00f3n ser\u00e1 el domingo 6 de agosto a las 6pm en el auditorio Abraham Valdelomar, presenta Carlitos Gald\u00f3s y en librerias desde la quincena de agosto. Est\u00e1n avisados y corran el 1ero a feria antes que vuelen y te quedes sin el libro y sin que te lo firme. \u00a1Los espero\u00a1\t\t<\/p>\n","protected":false},"excerpt":{"rendered":"<p>Queridos amigos, desde el 1ero de agosto por la tarde podr\u00e1n encontrar mi nuevo libro (esta vez de numerolog\u00eda terape\u00fatica) llamado &#8216;La magia de tu nombre\u00bb en la feria del libro (Stand de Editorial Planeta) y la presentaci\u00f3n ser\u00e1 el domingo 6 de agosto a las 6pm en el auditorio Abraham Valdelomar, presenta Carlitos Gald\u00f3s [&hellip;]<\/p>\n","protected":false},"author":1,"featured_media":3954,"comment_status":"open","ping_status":"open","sticky":false,"template":"","format":"standard","meta":{"_joinchat":[],"footnotes":""},"categories":[89],"tags":[246],"class_list":["post-3965","post","type-post","status-publish","format-standard","has-post-thumbnail","hentry","category-libro","tag-la-magia-de-tu-nombre"],"_links":{"self":[{"href":"https:\/\/resurgeconsultora.com\/notas\/wp-json\/wp\/v2\/posts\/3965","targetHints":{"allow":["GET"]}}],"collection":[{"href":"https:\/\/resurgeconsultora.com\/notas\/wp-json\/wp\/v2\/posts"}],"about":[{"href":"https:\/\/resurgeconsultora.com\/notas\/wp-json\/wp\/v2\/types\/post"}],"author":[{"embeddable":true,"href":"https:\/\/resurgeconsultora.com\/notas\/wp-json\/wp\/v2\/users\/1"}],"replies":[{"embeddable":true,"href":"https:\/\/resurgeconsultora.com\/notas\/wp-json\/wp\/v2\/comments?post=3965"}],"version-history":[{"count":0,"href":"https:\/\/resurgeconsultora.com\/notas\/wp-json\/wp\/v2\/posts\/3965\/revisions"}],"wp:featuredmedia":[{"embeddable":true,"href":"https:\/\/resurgeconsultora.com\/notas\/wp-json\/"}],"wp:attachment":[{"href":"https:\/\/resurgeconsultora.com\/notas\/wp-json\/wp\/v2\/media?parent=3965"}],"wp:term":[{"taxonomy":"category","embeddable":true,"href":"https:\/\/resurgeconsultora.com\/notas\/wp-json\/wp\/v2\/categories?post=3965"},{"taxonomy":"post_tag","embeddable":true,"href":"https:\/\/resurgeconsultora.com\/notas\/wp-json\/wp\/v2\/tags?post=3965"}],"curies":[{"name":"wp","href":"https:\/\/api.w.org\/{rel}","templated":true}]}}