{"id":122,"date":"2017-01-11T00:29:47","date_gmt":"2017-01-11T00:29:47","guid":{"rendered":"http:\/\/zefirodelcielo.com\/?p=122"},"modified":"2019-09-08T20:58:48","modified_gmt":"2019-09-08T20:58:48","slug":"identidad-y-personalidad-post-14-de-inteligencia-emocional","status":"publish","type":"post","link":"https:\/\/resurgeconsultora.com\/notas\/identidad-y-personalidad-post-14-de-inteligencia-emocional\/","title":{"rendered":"Identidad y Personalidad (post 14 de Inteligencia Emocional)"},"content":{"rendered":"<p><strong><img fetchpriority=\"high\" decoding=\"async\" class=\"size-medium wp-image-123 alignleft\" src=\"http:\/\/zefirodelcielo.com\/wp-content\/uploads\/2017\/01\/32-219x300.jpg\" alt=\"\" width=\"219\" height=\"300\" \/><\/strong><\/p>\n<p><strong>Queridos amigos, el tema de hoy es \u201cIdentidad y Personalidad\u201d y va dedicado a todas aquellas personas que la han perdido y lo sabr\u00e1n despu\u00e9s de leer este post.<\/strong><\/p>\n<p><strong>Desde un punto de vista psicol\u00f3gico puede decirse que identidad personal es la que hace que uno sea \u201cs\u00ed mismo\u201d y no \u201cotro\u201d.<\/strong><br \/>\n<strong>Se trata de un conjunto de rasgos personales que conforma la realidad de cada uno y se proyecta hacia el mundo externo permitiendo que los dem\u00e1s reconozcan a la persona en su forma de ser espec\u00edfica y particular.<\/strong><br \/>\n<strong>La individualidad s\u00f3lo es posible cuando se exterioriza la personalidad aut\u00e9ntica del ser humano, hecho que no resulta f\u00e1cil en estos tiempos. El mal manejo de emociones, la presi\u00f3n de grupo, competitividad y estilo de vida que difunden los medios de comunicaci\u00f3n son los factores que intervienen como represores de \u201cser uno mismo\u201d.<\/strong><\/p>\n<p><strong>\u00bfQu\u00e9 emociones contribuyen a perder la identidad?<\/strong><\/p>\n<p><strong>1.- El miedo: Emoci\u00f3n natural con la que se debe aprender a convivir. Nace ante una amenaza por un hecho real o algo que se cree pasar\u00e1.<\/strong><\/p>\n<p><strong>Mucha gente elige llevar una m\u00e1scara luego de haber recibido alg\u00fan tipo de maltrato o desilusi\u00f3n en lo laboral, en lo afectivo y con el entorno.<\/strong><\/p>\n<p><strong>Z\u00e9firo les brinda los siguiente ejemplos de los miedos m\u00e1s comunes por los que se pierde la identidad:<\/strong><\/p>\n<p><strong>&#8211; Cuando los padres reprenden a sus ni\u00f1os varones y le dicen cosas como \u201cLos hombres no deben llorar\u201d se crea en la mente del infante el miedo a ser juzgado o ridiculizado por expresar sus emociones y sensaciones.<\/strong><\/p>\n<p><strong>&#8211; Cuando alguien es humillado en trabajo suele sentirse aislado, hecho que contribuye a disminuir su autoestima. Tiempo despu\u00e9s el miedo a fracasar lo puede volver m\u00e1s retra\u00eddo de la cuenta, decidir no expresar sus ideas o en su defecto vivir a la defensiva ante sus jefes y compa\u00f1eros. Y si con el tiempo se llega a un puesto superior, algunos imitan la personalidad del \u201cjefe maltratado\u201d, m\u00e1scara que termina por anular su identidad profesional.<\/strong><\/p>\n<p><strong>&#8211; Es frecuente que en lo afectivo si un chico (a) ha sido maltratado psicol\u00f3gicamente por pareja decida asumir un rol defensivo con la nueva que llegue, reprimir sentimientos e intentar llevar la batuta en la relaci\u00f3n, cayendo as\u00ed en el ego\u00edsmo, soberbia y mala comunicaci\u00f3n . Se pasa de ser v\u00edctima a victimario por miedo a ser herido y por desconfianza.<\/strong><\/p>\n<p><strong>&#8211; Miedo al qu\u00e9 dir\u00e1n, miedo a ser juzgado, necesidad de reconocimiento y elevaci\u00f3n de status.<\/strong><\/p>\n<p><strong>Estas ideas hacen que mucha gente elija profesiones que no les hace feliz, tenga miedo de decir su real vocaci\u00f3n y asuma usar la receta de la felicidad de la mayor\u00eda.<\/strong><\/p>\n<p><strong>Ejem: &#8211; Un chico bebe porque sino lo hace teme que sus amigos le digan cosas como \u201cNerd, maric\u00f3n, etc\u201d<\/strong><\/p>\n<p><strong>&#8211; Usar la ropa del estilo que se guste se reprime por miedo a no estar a la moda y con ello perder la posibilidad de ser popular.<\/strong><\/p>\n<p><strong>2.- La ira : Viene por frustraci\u00f3n, por impotencia , por capricho o por competencia.<\/strong><\/p>\n<p><strong>Algunos de los ejemplos m\u00e1s comunes en que la ira roba la identidad son:<\/strong><\/p>\n<p><strong>&#8211; Cuando no logras ascender en el empleo se habla pesimistamente todo el d\u00eda.<\/strong><br \/>\n<strong>&#8211; Cuando no logras alg\u00fan capricho envidias se envidia al que si lo logr\u00f3 y se pasa a criticarlo.<\/strong><br \/>\n<strong>&#8211; Muchos padres que fueron maltratados por los suyos se quedaron incapaces de dar y cuando pasan los a\u00f1os y les toca asumir el mismo rol no pueden dar afecto a sus hijos, solo los critican como lo hicieron con ellos.<\/strong><br \/>\n<strong>&#8211; Cuando un hombre o mujer se llena de impotencia porque la chica (o) que le gusta no le hace caso decide maltratarla (o) para vengarse o llamar su atenci\u00f3n.<\/strong><\/p>\n<p><strong>M\u00e1scaras actuales que esconden la identidad.<\/strong><\/p>\n<p><strong>&#8211; El estilo de vida light en cuanto al consumismo, a lo afectivo y a lo espiritual.<\/strong><br \/>\n<strong>&#8211; Mucha gente teme decir que reza por evitar que le digan \u201ccucufato, monja, cura\u201d<\/strong><br \/>\n<strong>&#8211; Escoger carreras de moda porque la real vocaci\u00f3n ser\u00e1 juzgada.<\/strong><br \/>\n<strong>&#8211; Asumir presiones como edad para casarse, formas de hablar y elecci\u00f3n de amigos porque se tiene terror al rid\u00edculo y seguir moldes de vida es m\u00e1s f\u00e1cil que ser creativos.<\/strong><br \/>\n<strong>&#8211; Fingir sensaciones y gustos que no son reales en cuanto a la sexualidad para no quedar como \u201clorna\u201d<\/strong><br \/>\n<strong>&#8211; Elegir una pareja para lucir sin importar si es vac\u00eda (o) antes que evitar decir que se est\u00e1 solo (a)<\/strong><br \/>\n<strong>En el fondo quien lleva m\u00e1scaras que cubren su identidad no reconoce sus talentos, teme mirarse, teme decidir ser \u00e9l (ella) y sobre todo no sabe estar en paz consigo mismo.<\/strong><br \/>\n<strong>A los que desean tener identidad Z\u00e9firo les dice:<\/strong><br \/>\n<strong>&#8211; Se requiere valent\u00eda, elevar el autoestima y analizar constantemente todo aquello que se elegir\u00e1, teniendo en cuenta que sea lo que fuese debe traer como consecuencia la paz con uno mismo.<\/strong><br \/>\n<strong>&#8211; Cuando se decide tener identidad es normal ser juzgado m\u00e1s de la cuenta, se\u00f1alado, tomado de irreverente o agitador.<\/strong><br \/>\n<strong>&#8211; Cuando se sabe decir \u201cno\u201d por identidad se puede ser tachado de insensible, de demente y hasta de soberbio. Pero ello no debe detenerlos porque asumir valores que van en armon\u00eda con el ser y la conciencia siempre caen como l\u00e1tigo sobre quienes tienen esos valores endebles o ausentes.<\/strong><br \/>\n<strong>&#8211; Por mantener la identidad se tendr\u00e1n que alejar de amigos que desean manipularlos o juzgarlos, y hasta de algunos miembros de su familia que no los deja ser y luchar por lo que creen.<\/strong><br \/>\n<strong>&#8211; Por mantener la identidad ser\u00e1n heridos m\u00e1s que el resto com\u00fan. Efecto que solo es la respuesta defensiva de quienes temen ser ellos (as) mismas y se sienten menos que aquel que es libre, sabe elegir y tomar las riendas de su vida.<\/strong><br \/>\n<strong>&#8211; Por mantener la identidad se levantar\u00e1n grupos o seres individuales que luchen por anular sus metas, la envidia es su motor, esa que todo lo envenena y puede contribuir a que les roben las cosas por las que m\u00e1s lucharon.<\/strong><\/p>\n<p><strong>Por mantener la identidad se podr\u00e1n sentir muchas veces con la sensaci\u00f3n de una \u201csoledad interna\u201d, que no es igual al miedo a estar solo (a). La soledad interna nace del hecho de no ser comprendido, sensaci\u00f3n que solo se aquieta con la oraci\u00f3n, Dios es el motor de los seres sin m\u00e1scaras. Dios es el \u00fanico que nunca falla y el basti\u00f3n de los que llevan inscrita en el alma la palabra \u201cidentidad\u201d as\u00ed los d\u00edas parezcan largas noches. Nada genera m\u00e1s calma que ser uno mismo<\/strong><\/p>\n<p><strong>Z\u00e9firo los invita a ir en pos de alcanzar la \u201cIdentidad\u201d. Y cuando la alcancen ser\u00e1n m\u00e1s fuertes, m\u00e1s sensibles y sobre todo m\u00e1s humanos.<\/strong><\/p>\n<p><strong><em>Que tengan un lindo domingo<\/em><\/strong><br \/>\n<strong><em>Manjar\u00ed (Bendiciones)<\/em><\/strong><\/p>\n","protected":false},"excerpt":{"rendered":"<p>Queridos amigos, el tema de hoy es \u201cIdentidad y Personalidad\u201d y va dedicado a todas aquellas personas que la han perdido y lo sabr\u00e1n despu\u00e9s de leer este post.\t<\/p>\n","protected":false},"author":1,"featured_media":5589,"comment_status":"open","ping_status":"open","sticky":false,"template":"","format":"standard","meta":{"_joinchat":[],"footnotes":""},"categories":[9],"tags":[53,60,47],"class_list":["post-122","post","type-post","status-publish","format-standard","has-post-thumbnail","hentry","category-emociones","tag-frustracion","tag-identidad","tag-miedo"],"_links":{"self":[{"href":"https:\/\/resurgeconsultora.com\/notas\/wp-json\/wp\/v2\/posts\/122","targetHints":{"allow":["GET"]}}],"collection":[{"href":"https:\/\/resurgeconsultora.com\/notas\/wp-json\/wp\/v2\/posts"}],"about":[{"href":"https:\/\/resurgeconsultora.com\/notas\/wp-json\/wp\/v2\/types\/post"}],"author":[{"embeddable":true,"href":"https:\/\/resurgeconsultora.com\/notas\/wp-json\/wp\/v2\/users\/1"}],"replies":[{"embeddable":true,"href":"https:\/\/resurgeconsultora.com\/notas\/wp-json\/wp\/v2\/comments?post=122"}],"version-history":[{"count":1,"href":"https:\/\/resurgeconsultora.com\/notas\/wp-json\/wp\/v2\/posts\/122\/revisions"}],"predecessor-version":[{"id":5590,"href":"https:\/\/resurgeconsultora.com\/notas\/wp-json\/wp\/v2\/posts\/122\/revisions\/5590"}],"wp:featuredmedia":[{"embeddable":true,"href":"https:\/\/resurgeconsultora.com\/notas\/wp-json\/wp\/v2\/media\/5589"}],"wp:attachment":[{"href":"https:\/\/resurgeconsultora.com\/notas\/wp-json\/wp\/v2\/media?parent=122"}],"wp:term":[{"taxonomy":"category","embeddable":true,"href":"https:\/\/resurgeconsultora.com\/notas\/wp-json\/wp\/v2\/categories?post=122"},{"taxonomy":"post_tag","embeddable":true,"href":"https:\/\/resurgeconsultora.com\/notas\/wp-json\/wp\/v2\/tags?post=122"}],"curies":[{"name":"wp","href":"https:\/\/api.w.org\/{rel}","templated":true}]}}